{"id":59112,"date":"2020-09-30T12:30:44","date_gmt":"2020-09-30T12:30:44","guid":{"rendered":"https:\/\/evojob.ch\/2020\/09\/rekrutierung-fuer-kessel-schweiz\/"},"modified":"2021-07-02T07:59:36","modified_gmt":"2021-07-02T07:59:36","slug":"recrutement-pour-kessel-suisse","status":"publish","type":"post","link":"https:\/\/evojob.ch\/fr\/2020\/09\/recrutement-pour-kessel-suisse\/","title":{"rendered":"Plus qu&rsquo;une simple agence de placement"},"content":{"rendered":"<p>[vc_row][vc_column][vc_column_text]<\/p>\n<h4><strong>Plus qu&rsquo;une simple agence de placement<\/strong><\/h4>\n<p>Entretien avec Simon Eberhard, r\u00e9dacteur en chef du magazine sp\u00e9cialis\u00e9 Haustech, le 30 septembre 2020.<\/p>\n<p><img decoding=\"async\" id=\"socialpilot-extension-hover-button\" style=\"cursor: pointer; display: none;\" src=\"moz-extension:\/\/b2a63c58-1ab6-424e-b10b-220b41949009\/icons\/share_image.png\" \/><\/p>\n<p><img decoding=\"async\" id=\"socialpilot-extension-hover-button\" style=\"cursor: pointer; display: none;\" src=\"moz-extension:\/\/b2a63c58-1ab6-424e-b10b-220b41949009\/icons\/share_image.png\" \/><\/p>\n<p><img decoding=\"async\" id=\"socialpilot-extension-hover-button\" style=\"cursor: pointer; display: none;\" src=\"moz-extension:\/\/b2a63c58-1ab6-424e-b10b-220b41949009\/icons\/share_image.png\" \/><\/p>\n<p><img decoding=\"async\" id=\"socialpilot-extension-hover-button\" style=\"cursor: pointer; display: none;\" src=\"moz-extension:\/\/b2a63c58-1ab6-424e-b10b-220b41949009\/icons\/share_image.png\" \/><\/p>\n<p><img decoding=\"async\" id=\"socialpilot-extension-hover-button\" style=\"cursor: pointer; display: none;\" src=\"moz-extension:\/\/b2a63c58-1ab6-424e-b10b-220b41949009\/icons\/share_image.png\" \/><\/p>\n<p><img decoding=\"async\" id=\"socialpilot-extension-hover-button\" style=\"cursor: pointer; display: none;\" src=\"moz-extension:\/\/b2a63c58-1ab6-424e-b10b-220b41949009\/icons\/share_image.png\" \/><\/p>\n<p><img decoding=\"async\" id=\"socialpilot-extension-hover-button\" style=\"cursor: pointer; display: none;\" src=\"moz-extension:\/\/b2a63c58-1ab6-424e-b10b-220b41949009\/icons\/share_image.png\" \/><\/p>\n<p><img decoding=\"async\" id=\"socialpilot-extension-hover-button\" style=\"cursor: pointer; display: none;\" src=\"moz-extension:\/\/b2a63c58-1ab6-424e-b10b-220b41949009\/icons\/share_image.png\" \/><\/p>\n<p><img decoding=\"async\" id=\"socialpilot-extension-hover-button\" style=\"cursor: pointer; display: none;\" src=\"moz-extension:\/\/204afabd-f65e-48ee-b7f0-84ffd90029d7\/icons\/share_image.png\" \/>[\/vc_column_text][vc_column_text]<\/p>\n<h4>En mati\u00e8re de recrutement de sp\u00e9cialistes, Kessel Schweiz AG fait confiance \u00e0 EVOJOB depuis de nombreuses ann\u00e9es. Le directeur g\u00e9n\u00e9ral de Kessel Suisse, Stefan Zahm, explique dans une interview comment se d\u00e9roule cette coop\u00e9ration et quelles ont \u00e9t\u00e9 ses exp\u00e9riences.<\/h4>\n<h4><em>M. Zahm, vous avez obtenu votre emploi actuel par EVOJOB. Quelle a \u00e9t\u00e9 votre exp\u00e9rience \u00e0 l&rsquo;\u00e9poque ?<\/em><\/h4>\n<p>Martin Zenklusen, propri\u00e9taire d&rsquo;EVOJOB, connaissait tr\u00e8s bien son client et pouvait donc parfaitement d\u00e9crire la culture de l&rsquo;entreprise ainsi que les t\u00e2ches \u00e0 accomplir. Il savait, gr\u00e2ce aux discussions avec les directeurs nationaux, ce qui \u00e9tait important pour Kessel dans le choix du nouveau directeur g\u00e9n\u00e9ral. Comme j&rsquo;\u00e9tais moi-m\u00eame sur le point de conclure avec un autre employeur, le d\u00e9lai fut tr\u00e8s court. Tous les leviers ont d\u00fb \u00eatre actionn\u00e9s afin que les pourparlers puissent avoir lieu chez la soci\u00e9t\u00e9 m\u00e8re de Kessel. Ce n&rsquo;est que gr\u00e2ce aux bonnes relations de Martin Zenklusen avec les services responsables de Kessel \u00e0 Lenting qu&rsquo;il a finalement \u00e9t\u00e9 possible d&rsquo;organiser les conf\u00e9rences dans un d\u00e9lai tr\u00e8s court. R\u00e9trospectivement, je dois aussi dire que rien ne m&rsquo;a \u00e9t\u00e9 cach\u00e9 ou dissimul\u00e9. La situation lorsque j&rsquo;ai commenc\u00e9 le travail \u00e9tait telle qu&rsquo;elle m&rsquo;a \u00e9t\u00e9 d\u00e9crite.<\/p>\n<h4><em>Contrairement \u00e0 la soci\u00e9t\u00e9 m\u00e8re en Allemagne, Kessel Schweiz AG est une petite entreprise. Quels sont les d\u00e9fis sp\u00e9cifiques en mati\u00e8re de recrutement du personnel ?<\/em><\/h4>\n<p>Nous travaillons de mani\u00e8re flexible en \u00e9quipe ainsi qu'avec l'ensemble des d\u00e9partements de l'entreprise. Un employ\u00e9 de chez Kessel Suisse doit \u00eatre \u00e0 la fois un sp\u00e9cialiste mais \u00e9galement un linguiste tout en \u00e9tant polyvalent. C&rsquo;est la raison pour laquelle la s\u00e9lection est extr\u00eamement difficile, et nous devons parfois chercher pendant des semaines ou des mois avant de trouver le bon candidat. Depuis de nombreuses ann\u00e9es, Kessel compte sur le soutien d&rsquo;EVOJOB et de M. Zenklusen pour le recrutement.<\/p>\n<h4><em>Comment ce soutien est-il apport\u00e9 concr\u00e8tement ?<\/em><\/h4>\n<p>Nous cr\u00e9ons un profil d&#8217;emploi pour les postes vacants avec des exigences indispensables et d'autres qu'il serait favorable d'avoir . Cela sert de base \u00e0 la recherche et au premier entretien avec EVOJOB. Pour nous, ces crit\u00e8res de s\u00e9lection sont importants, car c&rsquo;est la seule fa\u00e7on pour EVOJOB de rechercher exactement la personne poss\u00e9dant les qualifications appropri\u00e9es et pouvant s&rsquo;int\u00e9grer au sein de l&rsquo;\u00e9quipe. Par la suite, EVOJOB se charge de l&rsquo;annonce compl\u00e8te et de la pr\u00e9s\u00e9lection des candidatures entrantes.<\/p>\n<h4><em>Quels sont les canaux utilis\u00e9s pour la recherche ?<\/em><\/h4>\n<p>D&rsquo;une part, les annonces classiques sur divers portails d&#8217;emploi en ligne, et surtout les approches directes sur Xing, LinkedIn et autres canaux. De plus, le vaste r\u00e9seau de Martin Zenklusen aide \u00e0 la recherche du bon candidat. Il a travaill\u00e9 en tant que directeur g\u00e9n\u00e9ral dans le secteur pendant plus de 20 ans et conna\u00eet donc tr\u00e8s bien le march\u00e9. C&rsquo;est extr\u00eamement pr\u00e9cieux pour nous, en tant que client.<\/p>\n<h4><em>Que se passe-t-il apr\u00e8s les entretiens initiaux men\u00e9s par EVOJOB ?<\/em><\/h4>\n<p>Nous pouvons acc\u00e9der aux documents de candidature, aux rapports et aux profils de personnalit\u00e9 des candidats via une plateforme en ligne prot\u00e9g\u00e9e. Cela constitue une premi\u00e8re pr\u00e9s\u00e9lection de notre part et nous fait gagner beaucoup de temps. Les candidats pr\u00e9s\u00e9lectionn\u00e9s sont ensuite invit\u00e9s dans notre entreprise afin de passer plusieurs entretiens. \u00c0 la suite de ces entretiens, l&rsquo;\u00e9change ouvert avec Martin Zenklusen, m\u00b4est tr\u00e8s pr\u00e9cieux dans mon processus de prise de d\u00e9cision.<\/p>\n<h4><em>Comment vivez-vous cette coop\u00e9ration ?<\/em><\/h4>\n<p>Cette coop\u00e9ration se caract\u00e9rise par une confiance mutuelle et une communication ouverte. En tant que client, vous constatez qu&rsquo;EVOJOB s&rsquo;est \u00e9galement fix\u00e9 pour objectif non seulement de trouver un candidat le plus rapidement possible, mais surtout de trouver le bon candidat pour l&rsquo;entreprise.<\/p>\n<h4><em>La coop\u00e9ration prend-elle fin avec la signature du contrat de travail ?<\/em><\/h4>\n<p>M. Zenklusen s&rsquo;entretient \u00e9galement avec les nouveaux employ\u00e9s pendant leur p\u00e9riode d&rsquo;essai et visite notre stand lors des foires commerciales. J&rsquo;appr\u00e9cie cela et \u00e7a me montre qu&rsquo;il est int\u00e9ress\u00e9 par une dotation des postes durable et \u00e0 long terme. Nous \u00e9changeons \u00e9galement r\u00e9guli\u00e8rement entre nous.<\/p>\n<h4><em>De quelle mani\u00e8re ?<\/em><\/h4>\n<p>Comme EVOJOB est fortement ancr\u00e9 dans le secteur de la technique du b\u00e2timent et conna\u00eet \u00e9galement les d\u00e9fis de notre secteur, nous \u00e9changeons de temps en temps des informations sur les tendances et les d\u00e9veloppements du march\u00e9 suisse. En outre, nous sommes tous deux impliqu\u00e9s dans diverses fonctions pour la formation continue des professionnels du marketing et de la vente. Comme M. Zenklusen conna\u00eet tr\u00e8s bien le secteur, il est pour moi plus qu&rsquo;un simple recruteur, mais une personne de contact avec laquelle je peux m'entretenir.<\/p>\n<h4><em>La \u00ab guerre des talents \u00bb est un sujet important. Comment pensez-vous que la situation de la main-d&rsquo;\u0153uvre qualifi\u00e9e dans l&rsquo;industrie va \u00e9voluer au cours des prochaines ann\u00e9es ?<\/em><\/h4>\n<p>Malheureusement, les bons travailleurs qualifi\u00e9s resteront probablement en nombre insuffisant en Suisse pendant un certain temps encore. Ce sera un grand d\u00e9fi pour nos associations professionnelles. Mais je suis \u00e9galement convaincu que si nous parvenons \u00e0 pr\u00e9senter \u00e0 nouveau le cot\u00e9 attrayant du secteur de la technique du b\u00e2timent, davantage de personnes int\u00e9ress\u00e9es choisiront de se former dans ce domaine. \u00c0 mon avis, il est tr\u00e8s important que des sp\u00e9cialistes bien form\u00e9s soient n\u00e9cessaires tant sur le chantier que dans la planification.<\/p>\n<p>Simon Eberhard, r\u00e9dacteur en chef de la revue sp\u00e9cialis\u00e9e Haustech, 30 septembre 2020. <a href=\"https:\/\/www.gebaeudetechnik.ch\/branche\/marktnews\/mehr-als-nur-ein-stellenvermittler\/\" target=\"_blank\" rel=\"noopener noreferrer\">Cliquez ici pour le rapport original dans la revue sp\u00e9cialis\u00e9e Haustech.<\/a><\/p>\n<p><img decoding=\"async\" id=\"socialpilot-extension-hover-button\" style=\"cursor: pointer; display: none;\" src=\"moz-extension:\/\/b2a63c58-1ab6-424e-b10b-220b41949009\/icons\/share_image.png\" \/><\/p>\n<p><img decoding=\"async\" id=\"socialpilot-extension-hover-button\" style=\"cursor: pointer; display: none;\" src=\"moz-extension:\/\/b2a63c58-1ab6-424e-b10b-220b41949009\/icons\/share_image.png\" \/><\/p>\n<p><img decoding=\"async\" id=\"socialpilot-extension-hover-button\" style=\"cursor: pointer; display: none;\" src=\"moz-extension:\/\/b2a63c58-1ab6-424e-b10b-220b41949009\/icons\/share_image.png\" \/><\/p>\n<p><img decoding=\"async\" id=\"socialpilot-extension-hover-button\" style=\"cursor: pointer; display: none;\" src=\"moz-extension:\/\/b2a63c58-1ab6-424e-b10b-220b41949009\/icons\/share_image.png\" \/><\/p>\n<p><img decoding=\"async\" id=\"socialpilot-extension-hover-button\" style=\"cursor: pointer; display: none;\" src=\"moz-extension:\/\/b2a63c58-1ab6-424e-b10b-220b41949009\/icons\/share_image.png\" \/><\/p>\n<p><img decoding=\"async\" id=\"socialpilot-extension-hover-button\" style=\"cursor: pointer; display: none;\" src=\"moz-extension:\/\/b2a63c58-1ab6-424e-b10b-220b41949009\/icons\/share_image.png\" \/><\/p>\n<p><img decoding=\"async\" id=\"socialpilot-extension-hover-button\" style=\"cursor: pointer; display: none;\" src=\"moz-extension:\/\/b2a63c58-1ab6-424e-b10b-220b41949009\/icons\/share_image.png\" \/><\/p>\n<p><img decoding=\"async\" id=\"socialpilot-extension-hover-button\" style=\"cursor: pointer; display: none;\" src=\"moz-extension:\/\/b2a63c58-1ab6-424e-b10b-220b41949009\/icons\/share_image.png\" \/><\/p>\n<p><img decoding=\"async\" id=\"socialpilot-extension-hover-button\" style=\"cursor: pointer; display: none;\" src=\"moz-extension:\/\/b2a63c58-1ab6-424e-b10b-220b41949009\/icons\/share_image.png\" \/><\/p>\n<p><img decoding=\"async\" id=\"socialpilot-extension-hover-button\" style=\"cursor: pointer; display: none;\" src=\"moz-extension:\/\/b2a63c58-1ab6-424e-b10b-220b41949009\/icons\/share_image.png\" \/><\/p>\n<p><img decoding=\"async\" id=\"socialpilot-extension-hover-button\" style=\"cursor: pointer; display: none;\" src=\"moz-extension:\/\/b2a63c58-1ab6-424e-b10b-220b41949009\/icons\/share_image.png\" \/><\/p>\n<p><img decoding=\"async\" id=\"socialpilot-extension-hover-button\" style=\"cursor: pointer; display: none;\" src=\"moz-extension:\/\/b2a63c58-1ab6-424e-b10b-220b41949009\/icons\/share_image.png\" \/><\/p>\n<div class=\"SnapLinksContainer\" style=\"margin-left: 0px; margin-top: 0px; display: none;\">\n<div class=\"SL_SelectionRect\" style=\"top: 2878.8px; left: 230px; height: 0.199951px; width: 0px;\">\n<div class=\"SL_SelectionLabel\"><\/div>\n<\/div>\n<p><!-- Used for easily cloning the properly namespaced rect --><\/p>\n<\/div>\n<p><img decoding=\"async\" id=\"socialpilot-extension-hover-button\" style=\"cursor: pointer; display: none;\" src=\"moz-extension:\/\/204afabd-f65e-48ee-b7f0-84ffd90029d7\/icons\/share_image.png\" \/>[\/vc_column_text][\/vc_column][\/vc_row][vc_row][vc_column width= \u00bb2\/3&Prime;][vc_column_text]<a href=\"https:\/\/evojob.ch\/fr\/ueber-uns\/\" target=\"_blank\" rel=\"noopener noreferrer\">Martin Zenklusen<\/a>, directeur g\u00e9n\u00e9ral et propri\u00e9taire d&rsquo;EVOJOB GmbH, est sp\u00e9cialis\u00e9 en mati\u00e8re de technologie du b\u00e2timent. Il a travaill\u00e9 en tant que directeur commercial et directeur g\u00e9n\u00e9ral dans l&rsquo;industrie et le commerce pendant plus de 20 ans. Depuis 2015, Kessel Schweiz AG compte sur le soutien de l&rsquo;\u00e9quipe d&rsquo;EVOJOB pour le recrutement de ses sp\u00e9cialistes et cadres. Nous souhaitons \u00e0 l&rsquo;\u00e9quipe de Kessel beaucoup de succ\u00e8s !<\/p>\n<p>&nbsp;<\/p>\n<p><img decoding=\"async\" id=\"socialpilot-extension-hover-button\" style=\"cursor: pointer; display: none;\" src=\"moz-extension:\/\/b2a63c58-1ab6-424e-b10b-220b41949009\/icons\/share_image.png\" data-src=\"https:\/\/evojob.ch\/wp-content\/uploads\/2020\/09\/Kessel-Logo-2-300x300.jpg\" \/><\/p>\n<p><img decoding=\"async\" id=\"socialpilot-extension-hover-button\" style=\"cursor: pointer; display: none;\" src=\"moz-extension:\/\/b2a63c58-1ab6-424e-b10b-220b41949009\/icons\/share_image.png\" \/><\/p>\n<p><img decoding=\"async\" id=\"socialpilot-extension-hover-button\" style=\"cursor: pointer; display: none;\" src=\"moz-extension:\/\/b2a63c58-1ab6-424e-b10b-220b41949009\/icons\/share_image.png\" \/><\/p>\n<p><img decoding=\"async\" id=\"socialpilot-extension-hover-button\" style=\"cursor: pointer; display: none;\" src=\"moz-extension:\/\/b2a63c58-1ab6-424e-b10b-220b41949009\/icons\/share_image.png\" \/><\/p>\n<p><img decoding=\"async\" id=\"socialpilot-extension-hover-button\" style=\"cursor: pointer; display: none;\" src=\"moz-extension:\/\/b2a63c58-1ab6-424e-b10b-220b41949009\/icons\/share_image.png\" \/><\/p>\n<p><img decoding=\"async\" id=\"socialpilot-extension-hover-button\" style=\"cursor: pointer; display: none;\" src=\"moz-extension:\/\/b2a63c58-1ab6-424e-b10b-220b41949009\/icons\/share_image.png\" \/><\/p>\n<p><img decoding=\"async\" id=\"socialpilot-extension-hover-button\" style=\"cursor: pointer; display: none;\" src=\"moz-extension:\/\/b2a63c58-1ab6-424e-b10b-220b41949009\/icons\/share_image.png\" \/><\/p>\n<p><img decoding=\"async\" id=\"socialpilot-extension-hover-button\" style=\"cursor: pointer; display: none;\" src=\"moz-extension:\/\/b2a63c58-1ab6-424e-b10b-220b41949009\/icons\/share_image.png\" \/><\/p>\n<p><img decoding=\"async\" id=\"socialpilot-extension-hover-button\" style=\"cursor: pointer; display: none;\" src=\"moz-extension:\/\/b2a63c58-1ab6-424e-b10b-220b41949009\/icons\/share_image.png\" \/><\/p>\n<p><img decoding=\"async\" id=\"socialpilot-extension-hover-button\" style=\"cursor: pointer; display: none;\" src=\"moz-extension:\/\/b2a63c58-1ab6-424e-b10b-220b41949009\/icons\/share_image.png\" \/><\/p>\n<p><img decoding=\"async\" id=\"socialpilot-extension-hover-button\" style=\"cursor: pointer; display: none;\" src=\"moz-extension:\/\/b2a63c58-1ab6-424e-b10b-220b41949009\/icons\/share_image.png\" \/><\/p>\n<p><img decoding=\"async\" id=\"socialpilot-extension-hover-button\" style=\"cursor: pointer; display: none;\" src=\"moz-extension:\/\/b2a63c58-1ab6-424e-b10b-220b41949009\/icons\/share_image.png\" \/><\/p>\n<p><img decoding=\"async\" id=\"socialpilot-extension-hover-button\" style=\"cursor: pointer; display: none;\" src=\"moz-extension:\/\/b2a63c58-1ab6-424e-b10b-220b41949009\/icons\/share_image.png\" \/><\/p>\n<p><img decoding=\"async\" id=\"socialpilot-extension-hover-button\" style=\"cursor: pointer; display: none;\" src=\"moz-extension:\/\/b2a63c58-1ab6-424e-b10b-220b41949009\/icons\/share_image.png\" \/><\/p>\n<p><img decoding=\"async\" id=\"socialpilot-extension-hover-button\" style=\"cursor: pointer; display: none;\" src=\"moz-extension:\/\/b2a63c58-1ab6-424e-b10b-220b41949009\/icons\/share_image.png\" \/><\/p>\n<p><img decoding=\"async\" id=\"socialpilot-extension-hover-button\" style=\"cursor: pointer; display: none;\" src=\"moz-extension:\/\/204afabd-f65e-48ee-b7f0-84ffd90029d7\/icons\/share_image.png\" \/><\/p>\n<p><img decoding=\"async\" id=\"socialpilot-extension-hover-button\" style=\"cursor: pointer; display: none;\" src=\"moz-extension:\/\/204afabd-f65e-48ee-b7f0-84ffd90029d7\/icons\/share_image.png\" \/>[\/vc_column_text][\/vc_column][vc_column width= \u00bb1\/3&Prime;][vc_single_image media= \u00bb58269&Prime; media_width_use_pixel= \u00bbyes \u00bb media_link= \u00bburl:https%3A%2F%2Fwww.kessel-schweiz.ch%2F|title:Besuchen%20Sie%20die%20Website%20von%20Kessel%20Schweiz%20AG|target:_blank \u00bb media_width_pixel= \u00bb150&Prime;][\/vc_column][\/vc_row]<\/p>\n<p><img decoding=\"async\" id=\"socialpilot-extension-hover-button\" style=\"cursor: pointer; display: none;\" src=\"moz-extension:\/\/204afabd-f65e-48ee-b7f0-84ffd90029d7\/icons\/share_image.png\" \/><\/p>\n","protected":false},"excerpt":{"rendered":"<p>Le directeur g\u00e9n\u00e9ral de Kessel Suisse SA, Stefan Zahm, dans une interview avec Simon Eberhard, r\u00e9dacteur en chef du magazine sp\u00e9cialis\u00e9 Haustech.<\/p>\n","protected":false},"author":14,"featured_media":58575,"comment_status":"closed","ping_status":"closed","sticky":false,"template":"","format":"standard","meta":{"_acf_changed":false,"footnotes":""},"categories":[155,154,153,156],"tags":[157,160,161,159,162,158,126],"class_list":["post-59112","post","type-post","status-publish","format-standard","has-post-thumbnail","hentry","category-apropos-evojob","category-employe","category-employeur","category-references","tag-conseiller","tag-emplois","tag-headhunter-fr","tag-jobs-fr-2","tag-offre","tag-recherche","tag-stelleninserat"],"acf":[],"_links":{"self":[{"href":"https:\/\/evojob.ch\/fr\/wp-json\/wp\/v2\/posts\/59112","targetHints":{"allow":["GET"]}}],"collection":[{"href":"https:\/\/evojob.ch\/fr\/wp-json\/wp\/v2\/posts"}],"about":[{"href":"https:\/\/evojob.ch\/fr\/wp-json\/wp\/v2\/types\/post"}],"author":[{"embeddable":true,"href":"https:\/\/evojob.ch\/fr\/wp-json\/wp\/v2\/users\/14"}],"replies":[{"embeddable":true,"href":"https:\/\/evojob.ch\/fr\/wp-json\/wp\/v2\/comments?post=59112"}],"version-history":[{"count":4,"href":"https:\/\/evojob.ch\/fr\/wp-json\/wp\/v2\/posts\/59112\/revisions"}],"predecessor-version":[{"id":59137,"href":"https:\/\/evojob.ch\/fr\/wp-json\/wp\/v2\/posts\/59112\/revisions\/59137"}],"wp:featuredmedia":[{"embeddable":true,"href":"https:\/\/evojob.ch\/fr\/wp-json\/wp\/v2\/media\/58575"}],"wp:attachment":[{"href":"https:\/\/evojob.ch\/fr\/wp-json\/wp\/v2\/media?parent=59112"}],"wp:term":[{"taxonomy":"category","embeddable":true,"href":"https:\/\/evojob.ch\/fr\/wp-json\/wp\/v2\/categories?post=59112"},{"taxonomy":"post_tag","embeddable":true,"href":"https:\/\/evojob.ch\/fr\/wp-json\/wp\/v2\/tags?post=59112"}],"curies":[{"name":"wp","href":"https:\/\/api.w.org\/{rel}","templated":true}]}}